{"id":17699,"date":"2021-03-16T08:56:50","date_gmt":"2021-03-16T07:56:50","guid":{"rendered":"https:\/\/mapindoor.eu\/el-momento-adecuado-es-ahora\/"},"modified":"2023-09-19T11:44:13","modified_gmt":"2023-09-19T10:44:13","slug":"el-momento-adecuado-es-ahora","status":"publish","type":"post","link":"https:\/\/mapindoor.eu\/es\/el-momento-adecuado-es-ahora\/","title":{"rendered":"El momento adecuado es ahora."},"content":{"rendered":"<p>[et_pb_section fb_built=\u00bb1&#8243; _builder_version=\u00bb3.28&#8243; global_colors_info=\u00bb{}\u00bb da_is_popup=\u00bboff\u00bb da_exit_intent=\u00bboff\u00bb da_has_close=\u00bbon\u00bb da_alt_close=\u00bboff\u00bb da_dark_close=\u00bboff\u00bb da_not_modal=\u00bbon\u00bb da_is_singular=\u00bboff\u00bb da_with_loader=\u00bboff\u00bb da_has_shadow=\u00bbon\u00bb da_disable_devices=\u00bboff|off|off\u00bb][et_pb_row _builder_version=\u00bb4.9.4&#8243; custom_margin=\u00bb|8px||auto||\u00bb custom_padding=\u00bb28px|||||\u00bb global_colors_info=\u00bb{}\u00bb][et_pb_column type=\u00bb4_4&#8243; _builder_version=\u00bb4.0.7&#8243; global_colors_info=\u00bb{}\u00bb][et_pb_image src=\u00bbhttps:\/\/mapindoor.eu\/wp-content\/uploads\/2021\/08\/LinkedIn.jpg\u00bb title_text=\u00bbLinkedIn\u00bb _builder_version=\u00bb4.9.11&#8243; _module_preset=\u00bbdefault\u00bb global_colors_info=\u00bb{}\u00bb hover_enabled=\u00bb0&#8243; sticky_enabled=\u00bb0&#8243;][\/et_pb_image][et_pb_text _builder_version=\u00bb4.9.4&#8243; global_colors_info=\u00bb{}\u00bb]<\/p>\n<p>Muchas <span style=\"color: #26323a;\"><a style=\"color: #26323a;\" href=\"https:\/\/www.linkedin.com\/feed\/hashtag\/?keywords=messegesellschaften&amp;highlightedUpdateUrns=urn%3Ali%3Aactivity%3A6777519230137982976\" data-attribute-index=\"0\">empresas feriales<\/a><\/span> se enfrentan al reto de crear una base de planificaci\u00f3n para el redise\u00f1o o la adaptaci\u00f3n de las <span style=\"color: #26323a;\"><a style=\"color: #26323a;\" href=\"https:\/\/www.linkedin.com\/feed\/hashtag\/?keywords=messehallen&amp;highlightedUpdateUrns=urn%3Ali%3Aactivity%3A6777519230137982976\" data-attribute-index=\"1\">salas de exposiciones<\/a> existentes en sus <a style=\"color: #26323a;\" href=\"https:\/\/www.linkedin.com\/feed\/hashtag\/?keywords=messezentren&amp;highlightedUpdateUrns=urn%3Ali%3Aactivity%3A6777519230137982976\" data-attribute-index=\"2\">recintos feriales<\/a>.<\/span><\/p>\n<p><span style=\"color: #26323a;\">Vokal+Partner recibi\u00f3 el encargo de registrar un recinto ferial que inclu\u00eda los 9 pabellones. Los conjuntos de datos sirven de <a style=\"color: #26323a;\" href=\"https:\/\/www.linkedin.com\/feed\/hashtag\/?keywords=planungsgrundlage&amp;highlightedUpdateUrns=urn%3Ali%3Aactivity%3A6777519230137982976\" data-attribute-index=\"3\">base para la planificaci\u00f3n<\/a> y la <a style=\"color: #26323a;\" href=\"https:\/\/www.linkedin.com\/feed\/hashtag\/?keywords=visualisierungen&amp;highlightedUpdateUrns=urn%3Ali%3Aactivity%3A6777519230137982976\" data-attribute-index=\"4\">visualizaci\u00f3n<\/a> de futuros eventos. Adem\u00e1s, se realizan comprobaciones de colisiones y comparaciones entre objetivos y datos reales.<br \/><\/span><\/p>\n<p><span style=\"color: #26323a;\">En 4 d\u00edas se captur\u00f3 <a style=\"color: #26323a;\" href=\"https:\/\/www.linkedin.com\/feed\/hashtag\/?keywords=geometrisch&amp;highlightedUpdateUrns=urn%3Ali%3Aactivity%3A6777519230137982976\" data-attribute-index=\"5\">#geom\u00e9trica<\/a> y\u00a0<a style=\"color: #26323a;\" href=\"https:\/\/www.linkedin.com\/feed\/hashtag\/?keywords=visuell&amp;highlightedUpdateUrns=urn%3Ali%3Aactivity%3A6777519230137982976\" data-attribute-index=\"6\">visualmente<\/a> una superficie de 80.000 m\u00b2, incluidos todos los objetos como <a style=\"color: #26323a;\" href=\"https:\/\/www.linkedin.com\/feed\/hashtag\/?keywords=tga&amp;highlightedUpdateUrns=urn%3Ali%3Aactivity%3A6777519230137982976\" data-attribute-index=\"7\">servicios del edificio<\/a>, <a style=\"color: #26323a;\" href=\"https:\/\/www.linkedin.com\/feed\/hashtag\/?keywords=beleuchtung&amp;highlightedUpdateUrns=urn%3Ali%3Aactivity%3A6777519230137982976\" data-attribute-index=\"8\">iluminaci\u00f3n<\/a>, aspersores, etc. por debajo del techo con una altura de pabell\u00f3n de hasta 25 m. Adem\u00e1s, se crearon m\u00e1s de 3.500 panor\u00e1micas.<\/span><br \/><span style=\"color: #26323a;\">El modelo 3D detallado fue generado por <a style=\"color: #26323a;\" href=\"https:\/\/www.linkedin.com\/feed\/hashtag\/?keywords=mapindoor&amp;highlightedUpdateUrns=urn%3Ali%3Aactivity%3A6777519230137982976\" data-attribute-index=\"10\">MAPINDOOR<\/a> en <a style=\"color: #26323a;\" href=\"https:\/\/www.linkedin.com\/feed\/hashtag\/?keywords=vektorworks&amp;highlightedUpdateUrns=urn%3Ali%3Aactivity%3A6777519230137982976\" data-attribute-index=\"11\">Vektorworks<\/a>.<\/span><\/p>\n<p>Ahora es el momento adecuado para obtener estos datos b\u00e1sicos, ya que los pabellones de exposici\u00f3n no est\u00e1n a pleno rendimiento y es posible recogerlos con el menor trastorno posible.<\/p>\n<p>Su ventaja:<br \/>&#8211; Aceleraci\u00f3n de los procesos,<br \/><span style=\"color: #26323a;\">&#8211; <a style=\"color: #26323a;\" href=\"https:\/\/www.linkedin.com\/feed\/hashtag\/?keywords=planungssicherheit&amp;highlightedUpdateUrns=urn%3Ali%3Aactivity%3A6777519230137982976\" data-attribute-index=\"12\">Fiabilidad de la planificaci\u00f3n<\/a><\/span><br \/><span style=\"color: #26323a;\">&#8211; evitaci\u00f3n de malentendidos en la planificaci\u00f3n y la <a style=\"color: #26323a;\" href=\"https:\/\/www.linkedin.com\/feed\/hashtag\/?keywords=kommunikation&amp;highlightedUpdateUrns=urn%3Ali%3Aactivity%3A6777519230137982976\" data-attribute-index=\"13\">comunicaci\u00f3n<\/a><\/span><\/p>\n<p>Estaremos encantados de asesorarle.<br \/><span style=\"color: #26323a;\"><a style=\"color: #26323a;\" href=\"http:\/\/www.vokal.de\/\" data-attribute-index=\"28\">www.vokal.de<\/a><\/span><br \/><span style=\"color: #26323a;\"><a style=\"color: #26323a;\" href=\"http:\/\/www.mapindoor.eu\/\" data-attribute-index=\"29\">www.mapindoor.eu<\/a><\/span><\/p>\n<p>[\/et_pb_text][\/et_pb_column][\/et_pb_row][\/et_pb_section]<\/p>\n","protected":false},"excerpt":{"rendered":"<p>Muchas empresas feriales se enfrentan al reto de crear una base de planificaci\u00f3n para el redise\u00f1o o la adaptaci\u00f3n de las salas de exposiciones existentes en sus recintos feriales. Vokal+Partner recibi\u00f3 el encargo de registrar un recinto ferial que inclu\u00eda los 9 pabellones. Los conjuntos de datos sirven de base para la planificaci\u00f3n y la [&hellip;]<\/p>\n","protected":false},"author":3,"featured_media":8613,"comment_status":"open","ping_status":"open","sticky":false,"template":"","format":"standard","meta":{"_et_pb_use_builder":"on","_et_pb_old_content":"","_et_gb_content_width":"","footnotes":""},"categories":[81],"tags":[],"class_list":["post-17699","post","type-post","status-publish","format-standard","has-post-thumbnail","hentry","category-sin-categorizar"],"_links":{"self":[{"href":"https:\/\/mapindoor.eu\/es\/wp-json\/wp\/v2\/posts\/17699","targetHints":{"allow":["GET"]}}],"collection":[{"href":"https:\/\/mapindoor.eu\/es\/wp-json\/wp\/v2\/posts"}],"about":[{"href":"https:\/\/mapindoor.eu\/es\/wp-json\/wp\/v2\/types\/post"}],"author":[{"embeddable":true,"href":"https:\/\/mapindoor.eu\/es\/wp-json\/wp\/v2\/users\/3"}],"replies":[{"embeddable":true,"href":"https:\/\/mapindoor.eu\/es\/wp-json\/wp\/v2\/comments?post=17699"}],"version-history":[{"count":2,"href":"https:\/\/mapindoor.eu\/es\/wp-json\/wp\/v2\/posts\/17699\/revisions"}],"predecessor-version":[{"id":17701,"href":"https:\/\/mapindoor.eu\/es\/wp-json\/wp\/v2\/posts\/17699\/revisions\/17701"}],"wp:featuredmedia":[{"embeddable":true,"href":"https:\/\/mapindoor.eu\/es\/wp-json\/wp\/v2\/media\/8613"}],"wp:attachment":[{"href":"https:\/\/mapindoor.eu\/es\/wp-json\/wp\/v2\/media?parent=17699"}],"wp:term":[{"taxonomy":"category","embeddable":true,"href":"https:\/\/mapindoor.eu\/es\/wp-json\/wp\/v2\/categories?post=17699"},{"taxonomy":"post_tag","embeddable":true,"href":"https:\/\/mapindoor.eu\/es\/wp-json\/wp\/v2\/tags?post=17699"}],"curies":[{"name":"wp","href":"https:\/\/api.w.org\/{rel}","templated":true}]}}